{"id":226869,"date":"2022-07-31T16:41:21","date_gmt":"2022-07-31T16:41:21","guid":{"rendered":"https:\/\/artevida.pl\/?p=226869"},"modified":"2022-07-31T18:39:28","modified_gmt":"2022-07-31T18:39:28","slug":"8-miesiecy-bez-rat-czyli-ustawowe-wakacje-kredytowe","status":"publish","type":"post","link":"https:\/\/artevida.pl\/index.php\/2022\/07\/31\/8-miesiecy-bez-rat-czyli-ustawowe-wakacje-kredytowe\/","title":{"rendered":"8 miesi\u0119cy bez rat, czyli Ustawowe Wakacje Kredytowe"},"content":{"rendered":"\n<p><strong>Czym s\u0105 nowe ustawowe wakacje kredytowe? Jakie warunki musisz spe\u0142ni\u0107? Jak z\u0142o\u017cy\u0107 wniosek o ustawowe wakacje kredytowe?<\/strong><\/p>\n\n\n\n<p>Dzi\u0119ki ustawowym wakacjom kredytowym mo\u017cesz zyska\u0107 nawet  8 miesi\u0119cy bez sp\u0142aty rat kredytowych w latach 2022\/2023:<\/p>\n\n\n\n<ul class=\"wp-block-list\"><li>po 2 miesi\u0105ce w trzecim i czwartym kwartale 2022 r.<\/li><li>po 1 miesi\u0105cu w ka\u017cdym z czterech kwarta\u0142\u00f3w 2023 r.<\/li><\/ul>\n\n\n\n<p>Mo\u017cesz dzi\u0119ki temu przeznaczy\u0107 &#8222;uwolniony&#8221; bud\u017cet na wakacje dla siebie i rodziny, nadp\u0142aci\u0107 kapita\u0142 -kredytu zmniejszaj\u0105c sobie raty w kolejnych latach lub skracaj\u0105c okres kredytowania, czy te\u017c stworzy\u0107 sobie &#8222;finansowa poduszk\u0119 bezpiecze\u0144stwa&#8221;. Spos\u00f3b wykorzystania zale\u017cy od Twoich potrzeb i decyzji &#8230;<\/p>\n\n\n\n<p><strong>Pami\u0119taj jednak, \u017ce Wakacje Kredytowe zg\u0142aszane s\u0105 do BIK-u<\/strong>, wi\u0119c je\u015bli planowa\u0142(a)e\u015b wzi\u0105\u0107 inny wa\u017cny kredyt, prawdopodobnie odpu\u015bcisz sobie wakacje kredytowe &#8230;<\/p>\n\n\n\n<hr class=\"wp-block-separator has-css-opacity\"\/>\n\n\n\n<p><em><strong>Wi\u0119cej informacji:<\/strong><\/em><\/p>\n\n\n\n<ul class=\"wp-block-list\"><li><em>&#8222;Rz\u0105dowy&#8221; <a rel=\"noreferrer noopener\" href=\"https:\/\/www.podatki.gov.pl\/media\/8442\/wk_przewodnik_ver_1_6.pdf\" target=\"_blank\">Przewodnik po wakacjach kredytowych (PDF, 388 kB)<\/a><\/em><\/li><li>&#8222;<em>Info&#8221; z<strong> <\/strong>lektorem, je\u015bli w\u0142a\u015bnie posia\u0142(a)e\u015b okulary lub chcesz odpocz\u0105\u0107 od czytania<\/em>:<\/li><\/ul>\n\n\n\n<figure class=\"wp-block-embed is-type-video is-provider-youtube wp-block-embed-youtube wp-embed-aspect-16-9 wp-has-aspect-ratio\"><div class=\"wp-block-embed__wrapper\">\n<iframe title=\"Czym s\u0105 Ustawowe Wakacje Kredytowe. Mobile Version.\" width=\"1170\" height=\"658\" src=\"https:\/\/www.youtube.com\/embed\/uL16eIx6ZBA?feature=oembed\" frameborder=\"0\" allow=\"accelerometer; autoplay; clipboard-write; encrypted-media; gyroscope; picture-in-picture\" allowfullscreen><\/iframe>\n<\/div><figcaption>film jest podgl\u0105dowy &#8211; Ustawowe Wakacji Kredytowe reguluje ustawa.<br>Od 29 lipca 2022 r. obowi\u0105zuje&nbsp;<a href=\"https:\/\/isap.sejm.gov.pl\/isap.nsf\/DocDetails.xsp?id=WDU20220001488\">ustawa o finansowaniu spo\u0142eczno\u015bciowym dla przedsi\u0119wzi\u0119\u0107 gospodarczych i pomocy kredytobiorcom<\/a>, kt\u00f3ra zawiera przepisy o wsparciu kredytobiorc\u00f3w.<\/figcaption><\/figure>\n","protected":false},"excerpt":{"rendered":"<p>Czym s\u0105 nowe ustawowe wakacje kredytowe? Jakie warunki musisz spe\u0142ni\u0107? Jak z\u0142o\u017cy\u0107 wniosek o ustawowe wakacje kredytowe? Dzi\u0119ki ustawowym wakacjom kredytowym mo\u017cesz zyska\u0107 nawet 8 miesi\u0119cy bez sp\u0142aty rat kredytowych w latach 2022\/2023: po 2 miesi\u0105ce w trzecim i czwartym kwartale 2022 r. po 1 miesi\u0105cu w ka\u017cdym z czterech [&hellip;]<\/p>\n","protected":false},"author":1,"featured_media":0,"comment_status":"closed","ping_status":"open","sticky":false,"template":"","format":"standard","meta":{"ngg_post_thumbnail":0,"footnotes":""},"categories":[10],"tags":[],"class_list":["post-226869","post","type-post","status-publish","format-standard","hentry","category-informacje-bankowe"],"_links":{"self":[{"href":"https:\/\/artevida.pl\/index.php\/wp-json\/wp\/v2\/posts\/226869","targetHints":{"allow":["GET"]}}],"collection":[{"href":"https:\/\/artevida.pl\/index.php\/wp-json\/wp\/v2\/posts"}],"about":[{"href":"https:\/\/artevida.pl\/index.php\/wp-json\/wp\/v2\/types\/post"}],"author":[{"embeddable":true,"href":"https:\/\/artevida.pl\/index.php\/wp-json\/wp\/v2\/users\/1"}],"replies":[{"embeddable":true,"href":"https:\/\/artevida.pl\/index.php\/wp-json\/wp\/v2\/comments?post=226869"}],"version-history":[{"count":6,"href":"https:\/\/artevida.pl\/index.php\/wp-json\/wp\/v2\/posts\/226869\/revisions"}],"predecessor-version":[{"id":226945,"href":"https:\/\/artevida.pl\/index.php\/wp-json\/wp\/v2\/posts\/226869\/revisions\/226945"}],"wp:attachment":[{"href":"https:\/\/artevida.pl\/index.php\/wp-json\/wp\/v2\/media?parent=226869"}],"wp:term":[{"taxonomy":"category","embeddable":true,"href":"https:\/\/artevida.pl\/index.php\/wp-json\/wp\/v2\/categories?post=226869"},{"taxonomy":"post_tag","embeddable":true,"href":"https:\/\/artevida.pl\/index.php\/wp-json\/wp\/v2\/tags?post=226869"}],"curies":[{"name":"wp","href":"https:\/\/api.w.org\/{rel}","templated":true}]}}